{"id":7606,"date":"2026-09-01T13:34:45","date_gmt":"2026-09-01T11:34:45","guid":{"rendered":"https:\/\/leaderostraskane.se\/?p=7606"},"modified":"2026-09-01T13:47:59","modified_gmt":"2026-09-01T11:47:59","slug":"sjoriket-skane-2026-08-31","status":"publish","type":"post","link":"https:\/\/leaderostraskane.se\/en\/sjoriket-skane-2026-08-31\/","title":{"rendered":"The Sea Kingdom of Sk\u00e5ne will strengthen the area's attractiveness through collaboration"},"content":{"rendered":"<p><strong>How do we get more people from Malm\u00f6 and Copenhagen to discover and long for the good life in the Sea Kingdom? This is one of the questions in the leader project \u201dThe Sea Kingdom of Sk\u00e5ne \u2013 closer than you think,\u201d which was recently presented at \u00d6stra G\u00f6inge municipality's business breakfast at Bykrogen in \u00d6stersl\u00f6v. Nearly 80 people participated.<\/strong><\/p>\n<p>The Sea Kingdom has many of the qualities that today's visitors demand: lakes, forests, tranquility, red cottages, local food, and genuine experiences. Through the project, the goal is to strengthen the area's attractiveness, create new collaborations, and make it easier for more people to discover what is here.<\/p>\n<p>Project leader BrittMarie Eriksson spoke during the morning about the project's opportunities and how businesses and associations can participate and contribute. An important part is to build networks, develop joint activities, and strengthen the marketing of the Sea Kingdom as a destination.<\/p>\n<p>\u2013 What do we have here that can attract? Slow living, silence, the authentic and the natural, noted BrittMarie Eriksson.<\/p>\n<p>She also highlighted the need to improve packaging the area's experiences and making them more accessible to visitors. As inspiration, \u00d6sterlen, G\u00f6ta Canal, and the Glass Kingdom were mentioned \u2013 areas that have built strong destinations around a common identity in various ways.<\/p>\n<h3>Opportunities in the Danish market<\/h3>\n<p>One of the project's partners is <a href=\"https:\/\/www.oresundsbron.com\/sv\/privat\" target=\"_blank\" rel=\"noopener\">The \u00d8resund Bridge<\/a>. Nelly von Lingelsheim from the \u00d8resund Bridge participated during the business breakfast and talked about the Danish market, how Danish visitors think, and what opportunities exist for local businesses to reach a larger audience.<\/p>\n<p>The \u00d8resund Bridge's website has about 10,000 visitors per day and approximately 170,000 subscribers to its newsletters. For businesses and destinations in the Sea Kingdom, this presents interesting opportunities to be visible to the Danish market.<\/p>\n<p>In the long term, the German market may also become increasingly important. The upcoming Fehmarn Belt connection is expected to create new travel flows between Germany, Denmark, and Sweden, thus providing new opportunities for the tourism industry in northeastern Sk\u00e5ne.<\/p>\n<p><img loading=\"lazy\" decoding=\"async\" class=\"alignnone wp-image-7608 size-large\" src=\"https:\/\/leaderostraskane.se\/wp-content\/uploads\/sites\/28\/2026\/09\/2026-08-31-foretagarfrukost-sjoriket-2-foto-julia-falkman-1024x768.jpg\" alt=\"Presentation om utvecklingen av personresor \u00f6ver \u00d6resund 2001\u20132024 under f\u00f6retagarfrukosten om Sj\u00f6riket Sk\u00e5ne.\" width=\"1024\" height=\"768\" srcset=\"https:\/\/leaderostraskane.se\/wp-content\/uploads\/sites\/28\/2026\/09\/2026-08-31-foretagarfrukost-sjoriket-2-foto-julia-falkman-980x735.jpg 980w, https:\/\/leaderostraskane.se\/wp-content\/uploads\/sites\/28\/2026\/09\/2026-08-31-foretagarfrukost-sjoriket-2-foto-julia-falkman-480x360.jpg 480w\" sizes=\"(min-width: 0px) and (max-width: 480px) 480px, (min-width: 481px) and (max-width: 980px) 980px, (min-width: 981px) 1024px, 100vw\" \/><\/p>\n<h3>Local development across municipal borders<\/h3>\n<p>Filip Morel, business manager in \u00d6stra G\u00f6inge municipality, emphasized the project's significance for development in the border areas.<\/p>\n<p>The Sea Kingdom extends across several municipalities, and the project's steering group has representatives from \u00d6stra G\u00f6inge, Kristianstad, and Brom\u00f6lla municipalities. By bringing together businesses, associations, and public actors, the project aims to create better conditions for collaboration and joint development.<\/p>\n<p>The project will, among other things, offer knowledge and inspiration in marketing, storytelling, hospitality, sustainable development, and the Danish market. The ambition is to create new business opportunities, strengthen local actors, and develop Sj\u00f6riket as an attractive place to visit and operate in.<\/p>\n<p><a href=\"https:\/\/leaderostraskane.se\/en\/projekt\/sjoriket-skane\/\"><strong>Read more about the project \u201dSj\u00f6riket Sk\u00e5ne \u2013 closer than you think\u201d here &gt;&gt;<\/strong><\/a><\/p>","protected":false},"excerpt":{"rendered":"<p>Nearly 80 people participated when the leader project \u201dThe Sea Kingdom of Sk\u00e5ne \u2013 closer than you think\u201d was presented at Bykrogen in \u00d6stersl\u00f6v. During the morning, collaboration, marketing, and new opportunities for businesses and associations were in focus.<\/p>","protected":false},"author":24,"featured_media":7607,"comment_status":"closed","ping_status":"closed","sticky":false,"template":"","format":"standard","meta":{"_acf_changed":false,"_et_pb_use_builder":"","_et_pb_old_content":"","_et_gb_content_width":"","footnotes":"","_links_to":"","_links_to_target":""},"categories":[69],"tags":[],"class_list":["post-7606","post","type-post","status-publish","format-standard","has-post-thumbnail","hentry","category-artiklar"],"acf":[],"yoast_head":"<!-- This site is optimized with the Yoast SEO plugin v28.2 - https:\/\/yoast.com\/product\/yoast-seo-wordpress\/ -->\n<title>Sj\u00f6riket Sk\u00e5ne ska st\u00e4rka omr\u00e5dets attraktionskraft genom samverkan<\/title>\n<meta name=\"description\" content=\"N\u00e4rmare 80 personer deltog n\u00e4r leaderprojektet \u201dSj\u00f6riket Sk\u00e5ne \u2013 n\u00e4rmare \u00e4n vad du tror\u201d presenterades p\u00e5 Bykrogen i \u00d6stersl\u00f6v. Under morgonen stod samverkan, marknadsf\u00f6ring och nya m\u00f6jligheter f\u00f6r f\u00f6retag och f\u00f6reningar i fokus.\" \/>\n<meta name=\"robots\" content=\"index, follow, max-snippet:-1, max-image-preview:large, max-video-preview:-1\" \/>\n<link rel=\"canonical\" href=\"https:\/\/leaderostraskane.se\/en\/sjoriket-skane-2026-08-31\/\" \/>\n<meta property=\"og:locale\" content=\"en_US\" \/>\n<meta property=\"og:type\" content=\"article\" \/>\n<meta property=\"og:title\" content=\"Leaderprojektet Sj\u00f6riket Sk\u00e5ne presenterades vid f\u00f6retagarfrukost\" \/>\n<meta property=\"og:description\" content=\"N\u00e4rmare 80 personer deltog n\u00e4r leaderprojektet \u201dSj\u00f6riket Sk\u00e5ne \u2013 n\u00e4rmare \u00e4n vad du tror\u201d presenterades p\u00e5 Bykrogen i \u00d6stersl\u00f6v. Under morgonen stod samverkan, marknadsf\u00f6ring och nya m\u00f6jligheter f\u00f6r f\u00f6retag och f\u00f6reningar i fokus.\" \/>\n<meta property=\"og:url\" content=\"https:\/\/leaderostraskane.se\/en\/sjoriket-skane-2026-08-31\/\" \/>\n<meta property=\"og:site_name\" content=\"Leader \u00d6stra Sk\u00e5ne\" \/>\n<meta property=\"article:published_time\" content=\"2026-09-01T11:34:45+00:00\" \/>\n<meta property=\"article:modified_time\" content=\"2026-09-01T11:47:59+00:00\" \/>\n<meta property=\"og:image\" content=\"https:\/\/leaderostraskane.se\/wp-content\/uploads\/sites\/28\/2026\/09\/2026-08-31-foretagarfrukost-sjoriket-1-foto-julia-falkman-scaled.jpg\" \/>\n\t<meta property=\"og:image:width\" content=\"2560\" \/>\n\t<meta property=\"og:image:height\" content=\"1920\" \/>\n\t<meta property=\"og:image:type\" content=\"image\/jpeg\" \/>\n<meta name=\"author\" content=\"julia\" \/>\n<meta name=\"twitter:card\" content=\"summary_large_image\" \/>\n<meta name=\"twitter:label1\" content=\"Written by\" \/>\n\t<meta name=\"twitter:data1\" content=\"julia\" \/>\n\t<meta name=\"twitter:label2\" content=\"Est. reading time\" \/>\n\t<meta name=\"twitter:data2\" content=\"3 minutes\" \/>\n<script type=\"application\/ld+json\" class=\"yoast-schema-graph\">{\"@context\":\"https:\\\/\\\/schema.org\",\"@graph\":[{\"@type\":\"Article\",\"@id\":\"https:\\\/\\\/leaderostraskane.se\\\/sjoriket-skane-2026-08-31\\\/#article\",\"isPartOf\":{\"@id\":\"https:\\\/\\\/leaderostraskane.se\\\/sjoriket-skane-2026-08-31\\\/\"},\"author\":{\"name\":\"julia\",\"@id\":\"https:\\\/\\\/leaderostraskane.se\\\/#\\\/schema\\\/person\\\/e8d8a99e115f220790c76f3dbe446080\"},\"headline\":\"Sj\u00f6riket Sk\u00e5ne ska st\u00e4rka omr\u00e5dets attraktionskraft genom samverkan\",\"datePublished\":\"2026-09-01T11:34:45+00:00\",\"dateModified\":\"2026-09-01T11:47:59+00:00\",\"mainEntityOfPage\":{\"@id\":\"https:\\\/\\\/leaderostraskane.se\\\/sjoriket-skane-2026-08-31\\\/\"},\"wordCount\":522,\"image\":{\"@id\":\"https:\\\/\\\/leaderostraskane.se\\\/sjoriket-skane-2026-08-31\\\/#primaryimage\"},\"thumbnailUrl\":\"https:\\\/\\\/leaderostraskane.se\\\/wp-content\\\/uploads\\\/sites\\\/28\\\/2026\\\/09\\\/2026-08-31-foretagarfrukost-sjoriket-1-foto-julia-falkman-scaled.jpg\",\"articleSection\":[\"Artiklar\"],\"inLanguage\":\"en-US\"},{\"@type\":\"WebPage\",\"@id\":\"https:\\\/\\\/leaderostraskane.se\\\/sjoriket-skane-2026-08-31\\\/\",\"url\":\"https:\\\/\\\/leaderostraskane.se\\\/sjoriket-skane-2026-08-31\\\/\",\"name\":\"Sj\u00f6riket Sk\u00e5ne ska st\u00e4rka omr\u00e5dets attraktionskraft genom samverkan\",\"isPartOf\":{\"@id\":\"https:\\\/\\\/leaderostraskane.se\\\/#website\"},\"primaryImageOfPage\":{\"@id\":\"https:\\\/\\\/leaderostraskane.se\\\/sjoriket-skane-2026-08-31\\\/#primaryimage\"},\"image\":{\"@id\":\"https:\\\/\\\/leaderostraskane.se\\\/sjoriket-skane-2026-08-31\\\/#primaryimage\"},\"thumbnailUrl\":\"https:\\\/\\\/leaderostraskane.se\\\/wp-content\\\/uploads\\\/sites\\\/28\\\/2026\\\/09\\\/2026-08-31-foretagarfrukost-sjoriket-1-foto-julia-falkman-scaled.jpg\",\"datePublished\":\"2026-09-01T11:34:45+00:00\",\"dateModified\":\"2026-09-01T11:47:59+00:00\",\"author\":{\"@id\":\"https:\\\/\\\/leaderostraskane.se\\\/#\\\/schema\\\/person\\\/e8d8a99e115f220790c76f3dbe446080\"},\"description\":\"N\u00e4rmare 80 personer deltog n\u00e4r leaderprojektet \u201dSj\u00f6riket Sk\u00e5ne \u2013 n\u00e4rmare \u00e4n vad du tror\u201d presenterades p\u00e5 Bykrogen i \u00d6stersl\u00f6v. Under morgonen stod samverkan, marknadsf\u00f6ring och nya m\u00f6jligheter f\u00f6r f\u00f6retag och f\u00f6reningar i fokus.\",\"breadcrumb\":{\"@id\":\"https:\\\/\\\/leaderostraskane.se\\\/sjoriket-skane-2026-08-31\\\/#breadcrumb\"},\"inLanguage\":\"en-US\",\"potentialAction\":[{\"@type\":\"ReadAction\",\"target\":[\"https:\\\/\\\/leaderostraskane.se\\\/sjoriket-skane-2026-08-31\\\/\"]}]},{\"@type\":\"ImageObject\",\"inLanguage\":\"en-US\",\"@id\":\"https:\\\/\\\/leaderostraskane.se\\\/sjoriket-skane-2026-08-31\\\/#primaryimage\",\"url\":\"https:\\\/\\\/leaderostraskane.se\\\/wp-content\\\/uploads\\\/sites\\\/28\\\/2026\\\/09\\\/2026-08-31-foretagarfrukost-sjoriket-1-foto-julia-falkman-scaled.jpg\",\"contentUrl\":\"https:\\\/\\\/leaderostraskane.se\\\/wp-content\\\/uploads\\\/sites\\\/28\\\/2026\\\/09\\\/2026-08-31-foretagarfrukost-sjoriket-1-foto-julia-falkman-scaled.jpg\",\"width\":2560,\"height\":1920,\"caption\":\"Deltagare vid f\u00f6retagarfrukosten i \u00d6stersl\u00f6v lyssnar p\u00e5 en presentation om Leaderprojektet Sj\u00f6riket Sk\u00e5ne.\"},{\"@type\":\"BreadcrumbList\",\"@id\":\"https:\\\/\\\/leaderostraskane.se\\\/sjoriket-skane-2026-08-31\\\/#breadcrumb\",\"itemListElement\":[{\"@type\":\"ListItem\",\"position\":1,\"name\":\"Hem\",\"item\":\"https:\\\/\\\/leaderostraskane.se\\\/\"},{\"@type\":\"ListItem\",\"position\":2,\"name\":\"Sj\u00f6riket Sk\u00e5ne ska st\u00e4rka omr\u00e5dets attraktionskraft genom samverkan\"}]},{\"@type\":\"WebSite\",\"@id\":\"https:\\\/\\\/leaderostraskane.se\\\/#website\",\"url\":\"https:\\\/\\\/leaderostraskane.se\\\/\",\"name\":\"Leader \u00d6stra Sk\u00e5ne\",\"description\":\"\",\"potentialAction\":[{\"@type\":\"SearchAction\",\"target\":{\"@type\":\"EntryPoint\",\"urlTemplate\":\"https:\\\/\\\/leaderostraskane.se\\\/?s={search_term_string}\"},\"query-input\":{\"@type\":\"PropertyValueSpecification\",\"valueRequired\":true,\"valueName\":\"search_term_string\"}}],\"inLanguage\":\"en-US\"},{\"@type\":\"Person\",\"@id\":\"https:\\\/\\\/leaderostraskane.se\\\/#\\\/schema\\\/person\\\/e8d8a99e115f220790c76f3dbe446080\",\"name\":\"julia\",\"image\":{\"@type\":\"ImageObject\",\"inLanguage\":\"en-US\",\"@id\":\"https:\\\/\\\/secure.gravatar.com\\\/avatar\\\/b18b45a4d89cfd52b06ce6ec48bba7e2fe0c6b6f46b8f18da9896ada44b4ef1b?s=96&d=mm&r=g\",\"url\":\"https:\\\/\\\/secure.gravatar.com\\\/avatar\\\/b18b45a4d89cfd52b06ce6ec48bba7e2fe0c6b6f46b8f18da9896ada44b4ef1b?s=96&d=mm&r=g\",\"contentUrl\":\"https:\\\/\\\/secure.gravatar.com\\\/avatar\\\/b18b45a4d89cfd52b06ce6ec48bba7e2fe0c6b6f46b8f18da9896ada44b4ef1b?s=96&d=mm&r=g\",\"caption\":\"julia\"}}]}<\/script>\n<!-- \/ Yoast SEO plugin. -->","yoast_head_json":{"title":"The Sea Kingdom of Sk\u00e5ne will strengthen the area's attractiveness through collaboration","description":"Nearly 80 people participated when the leader project \u201dThe Sea Kingdom of Sk\u00e5ne \u2013 closer than you think\u201d was presented at Bykrogen in \u00d6stersl\u00f6v. During the morning, collaboration, marketing, and new opportunities for businesses and associations were in focus.","robots":{"index":"index","follow":"follow","max-snippet":"max-snippet:-1","max-image-preview":"max-image-preview:large","max-video-preview":"max-video-preview:-1"},"canonical":"https:\/\/leaderostraskane.se\/en\/sjoriket-skane-2026-08-31\/","og_locale":"en_US","og_type":"article","og_title":"Leaderprojektet Sj\u00f6riket Sk\u00e5ne presenterades vid f\u00f6retagarfrukost","og_description":"N\u00e4rmare 80 personer deltog n\u00e4r leaderprojektet \u201dSj\u00f6riket Sk\u00e5ne \u2013 n\u00e4rmare \u00e4n vad du tror\u201d presenterades p\u00e5 Bykrogen i \u00d6stersl\u00f6v. Under morgonen stod samverkan, marknadsf\u00f6ring och nya m\u00f6jligheter f\u00f6r f\u00f6retag och f\u00f6reningar i fokus.","og_url":"https:\/\/leaderostraskane.se\/en\/sjoriket-skane-2026-08-31\/","og_site_name":"Leader \u00d6stra Sk\u00e5ne","article_published_time":"2026-09-01T11:34:45+00:00","article_modified_time":"2026-09-01T11:47:59+00:00","og_image":[{"width":2560,"height":1920,"url":"https:\/\/leaderostraskane.se\/wp-content\/uploads\/sites\/28\/2026\/09\/2026-08-31-foretagarfrukost-sjoriket-1-foto-julia-falkman-scaled.jpg","type":"image\/jpeg"}],"author":"julia","twitter_card":"summary_large_image","twitter_misc":{"Written by":"julia","Est. reading time":"3 minutes"},"schema":{"@context":"https:\/\/schema.org","@graph":[{"@type":"Article","@id":"https:\/\/leaderostraskane.se\/sjoriket-skane-2026-08-31\/#article","isPartOf":{"@id":"https:\/\/leaderostraskane.se\/sjoriket-skane-2026-08-31\/"},"author":{"name":"julia","@id":"https:\/\/leaderostraskane.se\/#\/schema\/person\/e8d8a99e115f220790c76f3dbe446080"},"headline":"Sj\u00f6riket Sk\u00e5ne ska st\u00e4rka omr\u00e5dets attraktionskraft genom samverkan","datePublished":"2026-09-01T11:34:45+00:00","dateModified":"2026-09-01T11:47:59+00:00","mainEntityOfPage":{"@id":"https:\/\/leaderostraskane.se\/sjoriket-skane-2026-08-31\/"},"wordCount":522,"image":{"@id":"https:\/\/leaderostraskane.se\/sjoriket-skane-2026-08-31\/#primaryimage"},"thumbnailUrl":"https:\/\/leaderostraskane.se\/wp-content\/uploads\/sites\/28\/2026\/09\/2026-08-31-foretagarfrukost-sjoriket-1-foto-julia-falkman-scaled.jpg","articleSection":["Artiklar"],"inLanguage":"en-US"},{"@type":"WebPage","@id":"https:\/\/leaderostraskane.se\/sjoriket-skane-2026-08-31\/","url":"https:\/\/leaderostraskane.se\/sjoriket-skane-2026-08-31\/","name":"The Sea Kingdom of Sk\u00e5ne will strengthen the area's attractiveness through collaboration","isPartOf":{"@id":"https:\/\/leaderostraskane.se\/#website"},"primaryImageOfPage":{"@id":"https:\/\/leaderostraskane.se\/sjoriket-skane-2026-08-31\/#primaryimage"},"image":{"@id":"https:\/\/leaderostraskane.se\/sjoriket-skane-2026-08-31\/#primaryimage"},"thumbnailUrl":"https:\/\/leaderostraskane.se\/wp-content\/uploads\/sites\/28\/2026\/09\/2026-08-31-foretagarfrukost-sjoriket-1-foto-julia-falkman-scaled.jpg","datePublished":"2026-09-01T11:34:45+00:00","dateModified":"2026-09-01T11:47:59+00:00","author":{"@id":"https:\/\/leaderostraskane.se\/#\/schema\/person\/e8d8a99e115f220790c76f3dbe446080"},"description":"Nearly 80 people participated when the leader project \u201dThe Sea Kingdom of Sk\u00e5ne \u2013 closer than you think\u201d was presented at Bykrogen in \u00d6stersl\u00f6v. During the morning, collaboration, marketing, and new opportunities for businesses and associations were in focus.","breadcrumb":{"@id":"https:\/\/leaderostraskane.se\/sjoriket-skane-2026-08-31\/#breadcrumb"},"inLanguage":"en-US","potentialAction":[{"@type":"ReadAction","target":["https:\/\/leaderostraskane.se\/sjoriket-skane-2026-08-31\/"]}]},{"@type":"ImageObject","inLanguage":"en-US","@id":"https:\/\/leaderostraskane.se\/sjoriket-skane-2026-08-31\/#primaryimage","url":"https:\/\/leaderostraskane.se\/wp-content\/uploads\/sites\/28\/2026\/09\/2026-08-31-foretagarfrukost-sjoriket-1-foto-julia-falkman-scaled.jpg","contentUrl":"https:\/\/leaderostraskane.se\/wp-content\/uploads\/sites\/28\/2026\/09\/2026-08-31-foretagarfrukost-sjoriket-1-foto-julia-falkman-scaled.jpg","width":2560,"height":1920,"caption":"Deltagare vid f\u00f6retagarfrukosten i \u00d6stersl\u00f6v lyssnar p\u00e5 en presentation om Leaderprojektet Sj\u00f6riket Sk\u00e5ne."},{"@type":"BreadcrumbList","@id":"https:\/\/leaderostraskane.se\/sjoriket-skane-2026-08-31\/#breadcrumb","itemListElement":[{"@type":"ListItem","position":1,"name":"Hem","item":"https:\/\/leaderostraskane.se\/"},{"@type":"ListItem","position":2,"name":"Sj\u00f6riket Sk\u00e5ne ska st\u00e4rka omr\u00e5dets attraktionskraft genom samverkan"}]},{"@type":"WebSite","@id":"https:\/\/leaderostraskane.se\/#website","url":"https:\/\/leaderostraskane.se\/","name":"Leader Eastern Sk\u00e5ne","description":"","potentialAction":[{"@type":"SearchAction","target":{"@type":"EntryPoint","urlTemplate":"https:\/\/leaderostraskane.se\/?s={search_term_string}"},"query-input":{"@type":"PropertyValueSpecification","valueRequired":true,"valueName":"search_term_string"}}],"inLanguage":"en-US"},{"@type":"Person","@id":"https:\/\/leaderostraskane.se\/#\/schema\/person\/e8d8a99e115f220790c76f3dbe446080","name":"julia","image":{"@type":"ImageObject","inLanguage":"en-US","@id":"https:\/\/secure.gravatar.com\/avatar\/b18b45a4d89cfd52b06ce6ec48bba7e2fe0c6b6f46b8f18da9896ada44b4ef1b?s=96&d=mm&r=g","url":"https:\/\/secure.gravatar.com\/avatar\/b18b45a4d89cfd52b06ce6ec48bba7e2fe0c6b6f46b8f18da9896ada44b4ef1b?s=96&d=mm&r=g","contentUrl":"https:\/\/secure.gravatar.com\/avatar\/b18b45a4d89cfd52b06ce6ec48bba7e2fe0c6b6f46b8f18da9896ada44b4ef1b?s=96&d=mm&r=g","caption":"julia"}}]}},"_links":{"self":[{"href":"https:\/\/leaderostraskane.se\/en\/wp-json\/wp\/v2\/posts\/7606","targetHints":{"allow":["GET"]}}],"collection":[{"href":"https:\/\/leaderostraskane.se\/en\/wp-json\/wp\/v2\/posts"}],"about":[{"href":"https:\/\/leaderostraskane.se\/en\/wp-json\/wp\/v2\/types\/post"}],"author":[{"embeddable":true,"href":"https:\/\/leaderostraskane.se\/en\/wp-json\/wp\/v2\/users\/24"}],"replies":[{"embeddable":true,"href":"https:\/\/leaderostraskane.se\/en\/wp-json\/wp\/v2\/comments?post=7606"}],"version-history":[{"count":1,"href":"https:\/\/leaderostraskane.se\/en\/wp-json\/wp\/v2\/posts\/7606\/revisions"}],"predecessor-version":[{"id":7609,"href":"https:\/\/leaderostraskane.se\/en\/wp-json\/wp\/v2\/posts\/7606\/revisions\/7609"}],"wp:featuredmedia":[{"embeddable":true,"href":"https:\/\/leaderostraskane.se\/en\/wp-json\/wp\/v2\/media\/7607"}],"wp:attachment":[{"href":"https:\/\/leaderostraskane.se\/en\/wp-json\/wp\/v2\/media?parent=7606"}],"wp:term":[{"taxonomy":"category","embeddable":true,"href":"https:\/\/leaderostraskane.se\/en\/wp-json\/wp\/v2\/categories?post=7606"},{"taxonomy":"post_tag","embeddable":true,"href":"https:\/\/leaderostraskane.se\/en\/wp-json\/wp\/v2\/tags?post=7606"}],"curies":[{"name":"wp","href":"https:\/\/api.w.org\/{rel}","templated":true}]}}